{"id":459,"date":"2016-08-11T17:46:32","date_gmt":"2016-08-11T20:46:32","guid":{"rendered":"http:\/\/atairsantos.com.br\/?p=459"},"modified":"2018-06-29T10:26:18","modified_gmt":"2018-06-29T13:26:18","slug":"qualidade-de-vida","status":"publish","type":"post","link":"https:\/\/atairsantos.com.br\/en\/qualidade-de-vida\/","title":{"rendered":"Qualidade de Vida"},"content":{"rendered":"<div id=\"wrapper\">\n<section id=\"white_section480\" class=\"section\" data-height=\"220\">\n<div class=\"container\">\n<div class=\"row vc_row-fluid\">\n<div class=\"col-sm-4\">\n<div class=\"wpb_text_column \">\n<div class=\"text_exposed_root text_exposed\">\n<p>As pessoas falam em querer melhorar sua qualidade de vida, mas o que se resume na qualidade de vida? No que ela consiste? Existe idade para se come\u00e7ar a t\u00ea-la?<\/p>\n<p>&nbsp;<\/p>\n<p>Talvez as pessoas estejam querendo algo que n\u00e3o est\u00e1 muito expl\u00edcito na sua compreens\u00e3o.<br \/>\nO que precisamos entender \u00e9 que qualidade de vida n\u00e3o se consegue de uma hora para outra, qualidade de vida \u00e9 uma op\u00e7\u00e3o na maneira de viver, onde escolhemos a vida como prioridade, n\u00e3o o bem estar material, mas sim o bem estar de viver livre das depend\u00eancias criadas pelos valores sociais.<\/p>\n<p>&nbsp;<\/p>\n<p>A qualidade de vida \u00e9 pessoal, quando fazemos esta escolha, dificilmente iremos agradar as pessoas, mas com certeza iremos nos sentir realizados em tudo que fazemos.<br \/>\nAs pessoas aprenderam a viver temendo a morte e seu sofrimento, e enquanto estivermos com esse comportamento, teremos dificuldade em termos qualidade de vida.<br \/>\nNossa qualidade de viver n\u00e3o estar\u00e1 relacionada com nosso mundo material, mas sim, na maneira como nos relacionamos com ele.<\/p>\n<p>&nbsp;<\/p>\n<p>Viver n\u00e3o est\u00e1 associado ao bem estar material, est\u00e1 associado ao quanto posso usufruir desse mundo material.<br \/>\nN\u00e3o h\u00e1 excessos ou escassez na qualidade de vida, o que h\u00e1 \u00e9 uma maneira pessoal e \u00fanica de fazer as coisas.<br \/>\nTem qualidade de vida aqueles que ainda vivem nos detalhes, porque \u00e9 nos detalhes que a vida se faz.<br \/>\nAquelas pessoas que nas suas atribui\u00e7\u00f5es di\u00e1rias encontram tempo para cantarolar m\u00fasicas do r\u00e1dio, dan\u00e7ar, observar o amanhecer, entardecer, o c\u00e9u, a lua, as estrelas, tempo para ouvir as pessoas, tempo para visitar as pessoas, tempo para amar, tempo para cuidar e se cuidar, tempo para se banhar, tempo para brincar, tempo para rir, para chorar, tempo\u2026<br \/>\nComo foi visto, qualidade de vida consiste em ter tempo para viver, tempo este que as pessoas atualmente n\u00e3o est\u00e3o tendo.<br \/>\n\u00c9 por isso que quando falamos que qualidade de vida n\u00e3o \u00e9 uma escolha que voc\u00ea far\u00e1 apenas quando se aposentar, \u00e9 uma escolha que \u00e9 preciso fazer hoje, agora, porque vou precisar fazer uma grande transforma\u00e7\u00e3o no meu comportamento.<br \/>\nCome\u00e7ar a observar os detalhes da vida. O PAI nos ensina que a vida est\u00e1 nos detalhes, e s\u00e3o esses detalhes \u00e9 que fazem a vida tornar-se intensa e pr\u00f3spera.<br \/>\nQualidade de vida n\u00e3o se compra, ganha ou recebe de heran\u00e7a, \u00e9 uma conquista di\u00e1ria que precisamos fazer entre estarmos atentos aos detalhes de tudo que nos cerca e n\u00e3o a tudo que pensamos que nosso dinheiro possa comprar.<br \/>\nOs detalhes nos d\u00e3o o caminho que a vida deve seguir e assim iremos ver que esses detalhes nos levar\u00e3o ao caminho do PAI que \u00e9 feito de f\u00e9, justi\u00e7a e amor.<br \/>\nA vida est\u00e1 nos detalhes, e viver \u00e9 uma quest\u00e3o de detalhe.<\/p>\n<p>&nbsp;<\/p>\n<p><em>Atair dos Santos<\/em><\/p>\n<\/div>\n<div class=\"text_exposed_show\">\n<p><em>14 de julho de 2016<\/em><\/p>\n<\/div>\n<p>&nbsp;<\/p>\n<p>Photo by\u00a0<a href=\"https:\/\/unsplash.com\/photos\/Bq2jPyt0vh8?utm_source=unsplash&amp;utm_medium=referral&amp;utm_content=creditCopyText\">Annie Spratt<\/a>\u00a0on\u00a0<a href=\"https:\/\/unsplash.com\/?utm_source=unsplash&amp;utm_medium=referral&amp;utm_content=creditCopyText\">Unsplash<\/a><\/p>\n<\/div>\n<\/div>\n<\/div>\n<\/div>\n<\/section>\n<\/div>\n<p>&nbsp;<\/p>\n","protected":false},"excerpt":{"rendered":"<p>As pessoas falam em querer melhorar sua qualidade de vida, mas o que se resume na qualidade de vida? No [&hellip;]<\/p>\n","protected":false},"author":1,"featured_media":865,"comment_status":"open","ping_status":"open","sticky":false,"template":"","format":"standard","meta":{"footnotes":""},"categories":[1],"tags":[],"_links":{"self":[{"href":"https:\/\/atairsantos.com.br\/en\/wp-json\/wp\/v2\/posts\/459"}],"collection":[{"href":"https:\/\/atairsantos.com.br\/en\/wp-json\/wp\/v2\/posts"}],"about":[{"href":"https:\/\/atairsantos.com.br\/en\/wp-json\/wp\/v2\/types\/post"}],"author":[{"embeddable":true,"href":"https:\/\/atairsantos.com.br\/en\/wp-json\/wp\/v2\/users\/1"}],"replies":[{"embeddable":true,"href":"https:\/\/atairsantos.com.br\/en\/wp-json\/wp\/v2\/comments?post=459"}],"version-history":[{"count":6,"href":"https:\/\/atairsantos.com.br\/en\/wp-json\/wp\/v2\/posts\/459\/revisions"}],"predecessor-version":[{"id":1159,"href":"https:\/\/atairsantos.com.br\/en\/wp-json\/wp\/v2\/posts\/459\/revisions\/1159"}],"wp:featuredmedia":[{"embeddable":true,"href":"https:\/\/atairsantos.com.br\/en\/wp-json\/wp\/v2\/media\/865"}],"wp:attachment":[{"href":"https:\/\/atairsantos.com.br\/en\/wp-json\/wp\/v2\/media?parent=459"}],"wp:term":[{"taxonomy":"category","embeddable":true,"href":"https:\/\/atairsantos.com.br\/en\/wp-json\/wp\/v2\/categories?post=459"},{"taxonomy":"post_tag","embeddable":true,"href":"https:\/\/atairsantos.com.br\/en\/wp-json\/wp\/v2\/tags?post=459"}],"curies":[{"name":"wp","href":"https:\/\/api.w.org\/{rel}","templated":true}]}}